{"id":172,"date":"2019-06-17T10:08:55","date_gmt":"2019-06-17T08:08:55","guid":{"rendered":"http:\/\/bartnomade.fr\/?p=172"},"modified":"2021-05-10T00:46:04","modified_gmt":"2021-05-09T22:46:04","slug":"le-8-juin-rendez-vous-au-jardin-du-museum","status":"publish","type":"post","link":"https:\/\/bartnomade.fr\/index.php\/2019\/06\/17\/le-8-juin-rendez-vous-au-jardin-du-museum\/","title":{"rendered":"le 8 juin, Rendez-vous au jardin du Mus\u00e9um"},"content":{"rendered":"\n<p>Quelle belle journ\u00e9e ! Ce deuxi\u00e8me rendez-vous au jardin du mus\u00e9um. D\u00e9butants pour la plupart, les photos parlent d&rsquo;elles m\u00eame, la concentration \u00e9tait \u00e0 son comble ! Merci aux participants petits et grands pour la belle pr\u00e9sence et la belle ambiance . Et \u00e0 l&rsquo;\u00e9quipe du mus\u00e9um pout leur accueil chaleureux. C&rsquo;\u00e9tait chouette d&rsquo;\u00eatre ensemble sous ce beau soleil ! Au plaisir de se revoir, Amandine<\/p>\n","protected":false},"excerpt":{"rendered":"<p>Quelle belle journ\u00e9e ! Ce deuxi\u00e8me rendez-vous au jardin du mus\u00e9um. D\u00e9butants pour la plupart, les photos parlent d&rsquo;elles m\u00eame, la concentration \u00e9tait \u00e0 son comble ! Merci aux participants petits et grands pour la belle pr\u00e9sence et la belle ambiance . Et \u00e0 l&rsquo;\u00e9quipe du mus\u00e9um pout leur accueil chaleureux. C&rsquo;\u00e9tait chouette d&rsquo;\u00eatre ensemble &hellip; <\/p>\n<p class=\"link-more\"><a href=\"https:\/\/bartnomade.fr\/index.php\/2019\/06\/17\/le-8-juin-rendez-vous-au-jardin-du-museum\/\" class=\"more-link\">Continuer la lecture<span class=\"screen-reader-text\"> de &laquo;&nbsp;le 8 juin, Rendez-vous au jardin du Mus\u00e9um&nbsp;&raquo;<\/span><\/a><\/p>\n","protected":false},"author":1,"featured_media":168,"comment_status":"closed","ping_status":"open","sticky":false,"template":"","format":"standard","meta":{"spay_email":"","footnotes":""},"categories":[34,1],"tags":[],"class_list":["post-172","post","type-post","status-publish","format-standard","has-post-thumbnail","hentry","category-actualistes","category-non-classe"],"jetpack_featured_media_url":"https:\/\/bartnomade.fr\/wp-content\/uploads\/2019\/06\/DSC05449-scaled.jpg","_links":{"self":[{"href":"https:\/\/bartnomade.fr\/index.php\/wp-json\/wp\/v2\/posts\/172","targetHints":{"allow":["GET"]}}],"collection":[{"href":"https:\/\/bartnomade.fr\/index.php\/wp-json\/wp\/v2\/posts"}],"about":[{"href":"https:\/\/bartnomade.fr\/index.php\/wp-json\/wp\/v2\/types\/post"}],"author":[{"embeddable":true,"href":"https:\/\/bartnomade.fr\/index.php\/wp-json\/wp\/v2\/users\/1"}],"replies":[{"embeddable":true,"href":"https:\/\/bartnomade.fr\/index.php\/wp-json\/wp\/v2\/comments?post=172"}],"version-history":[{"count":1,"href":"https:\/\/bartnomade.fr\/index.php\/wp-json\/wp\/v2\/posts\/172\/revisions"}],"predecessor-version":[{"id":173,"href":"https:\/\/bartnomade.fr\/index.php\/wp-json\/wp\/v2\/posts\/172\/revisions\/173"}],"wp:featuredmedia":[{"embeddable":true,"href":"https:\/\/bartnomade.fr\/index.php\/wp-json\/wp\/v2\/media\/168"}],"wp:attachment":[{"href":"https:\/\/bartnomade.fr\/index.php\/wp-json\/wp\/v2\/media?parent=172"}],"wp:term":[{"taxonomy":"category","embeddable":true,"href":"https:\/\/bartnomade.fr\/index.php\/wp-json\/wp\/v2\/categories?post=172"},{"taxonomy":"post_tag","embeddable":true,"href":"https:\/\/bartnomade.fr\/index.php\/wp-json\/wp\/v2\/tags?post=172"}],"curies":[{"name":"wp","href":"https:\/\/api.w.org\/{rel}","templated":true}]}}