{"id":336,"date":"2020-08-26T16:15:05","date_gmt":"2020-08-26T14:15:05","guid":{"rendered":"http:\/\/bartnomade.fr\/?p=336"},"modified":"2021-05-10T00:48:32","modified_gmt":"2021-05-09T22:48:32","slug":"abbaye-de-flaran-sentier-de-baise","status":"publish","type":"post","link":"https:\/\/bartnomade.fr\/index.php\/2020\/08\/26\/abbaye-de-flaran-sentier-de-baise\/","title":{"rendered":"ABBAYE DE FLARAN, sentier de Ba\u00efse"},"content":{"rendered":"\n<p><br>INFO B&rsquo;art Nomade. BALADE ET AQUARELLE<br>La rentr\u00e9e arrive \u00e0 grand pas et \u00e7a vous d\u00e9prime d\u00e9j\u00e0 ? Pas de panique, j&rsquo;ai une super id\u00e9e de week-end pour vous. A vos agenda :<\/p>\n\n\n\n<p>LE 6 SEPTEMBRE par une belle journ\u00e9e, L&rsquo;ABBAYE DE FLARAN et VALENCE sur Ba\u00efse vous propose :<\/p>\n\n\n\n<p>3 ateliers mobiles entre Flaran et Valence (via le sentier) de d\u00e9couverte de l\u2019aquarelle en compagnie du B\u2019art nomade, anim\u00e9 par Amandine Szczepaniak.<\/p>\n\n\n\n<p><br>Le premier atelier sera sur le sentier de la Ba\u00efse et se d\u00e9roulera de 10h \u00e0 12h.<\/p>\n\n\n\n<p>Le deuxi\u00e8me atelier sera dans l&rsquo;enceinte de l&rsquo;Abbaye de Flaran de 14h \u00e0 15h30.<\/p>\n\n\n\n<p>Le troisi\u00e8me atelier sera sur la place de Valence sur Ba\u00efse de 16h30 \u00e0 18h.<\/p>\n\n\n\n<p>On s&rsquo;y RETROUVE ????<\/p>\n\n\n\n<p>Sur inscription aupr\u00e8s de l\u2019abbaye de Flaran : 05 31 00 45 75. c&rsquo;est 10 euros je crois.<br>Voici le lien du site :&nbsp;<a href=\"https:\/\/www.gers.fr\/information-transversale\/agenda\/abbaye-de-flaran-atelier-mobiles-sur-la-decouverte-de-laquarelle-19815?fbclid=IwAR21kL1dBvHLci-fPtCqfY1UjPP0ik00BX7DNZBa44oJVxK838HKd6I51Tk\" target=\"_blank\" rel=\"noreferrer noopener\">https:\/\/www.gers.fr\/\u2026\/abbaye-de-flaran-atelier-mobiles-sur-\u2026<\/a><\/p>\n\n\n\n<p>Soyez sympa, partager l&rsquo;info&nbsp;\ud83e\udd70<br>A bient\u00f4t ! Amandine<\/p>\n","protected":false},"excerpt":{"rendered":"<p>INFO B&rsquo;art Nomade. BALADE ET AQUARELLELa rentr\u00e9e arrive \u00e0 grand pas et \u00e7a vous d\u00e9prime d\u00e9j\u00e0 ? Pas de panique, j&rsquo;ai une super id\u00e9e de week-end pour vous. A vos agenda : LE 6 SEPTEMBRE par une belle journ\u00e9e, L&rsquo;ABBAYE DE FLARAN et VALENCE sur Ba\u00efse vous propose : 3 ateliers mobiles entre Flaran et &hellip; <\/p>\n<p class=\"link-more\"><a href=\"https:\/\/bartnomade.fr\/index.php\/2020\/08\/26\/abbaye-de-flaran-sentier-de-baise\/\" class=\"more-link\">Continuer la lecture<span class=\"screen-reader-text\"> de &laquo;&nbsp;ABBAYE DE FLARAN, sentier de Ba\u00efse&nbsp;&raquo;<\/span><\/a><\/p>\n","protected":false},"author":1,"featured_media":337,"comment_status":"open","ping_status":"open","sticky":false,"template":"","format":"standard","meta":{"spay_email":"","footnotes":""},"categories":[34,1],"tags":[],"class_list":["post-336","post","type-post","status-publish","format-standard","has-post-thumbnail","hentry","category-actualistes","category-non-classe"],"jetpack_featured_media_url":"https:\/\/bartnomade.fr\/wp-content\/uploads\/2020\/08\/abbaye-de-flaran_51fa67bad5142.jpg","_links":{"self":[{"href":"https:\/\/bartnomade.fr\/index.php\/wp-json\/wp\/v2\/posts\/336","targetHints":{"allow":["GET"]}}],"collection":[{"href":"https:\/\/bartnomade.fr\/index.php\/wp-json\/wp\/v2\/posts"}],"about":[{"href":"https:\/\/bartnomade.fr\/index.php\/wp-json\/wp\/v2\/types\/post"}],"author":[{"embeddable":true,"href":"https:\/\/bartnomade.fr\/index.php\/wp-json\/wp\/v2\/users\/1"}],"replies":[{"embeddable":true,"href":"https:\/\/bartnomade.fr\/index.php\/wp-json\/wp\/v2\/comments?post=336"}],"version-history":[{"count":1,"href":"https:\/\/bartnomade.fr\/index.php\/wp-json\/wp\/v2\/posts\/336\/revisions"}],"predecessor-version":[{"id":338,"href":"https:\/\/bartnomade.fr\/index.php\/wp-json\/wp\/v2\/posts\/336\/revisions\/338"}],"wp:featuredmedia":[{"embeddable":true,"href":"https:\/\/bartnomade.fr\/index.php\/wp-json\/wp\/v2\/media\/337"}],"wp:attachment":[{"href":"https:\/\/bartnomade.fr\/index.php\/wp-json\/wp\/v2\/media?parent=336"}],"wp:term":[{"taxonomy":"category","embeddable":true,"href":"https:\/\/bartnomade.fr\/index.php\/wp-json\/wp\/v2\/categories?post=336"},{"taxonomy":"post_tag","embeddable":true,"href":"https:\/\/bartnomade.fr\/index.php\/wp-json\/wp\/v2\/tags?post=336"}],"curies":[{"name":"wp","href":"https:\/\/api.w.org\/{rel}","templated":true}]}}