{"id":347,"date":"2020-09-18T22:10:20","date_gmt":"2020-09-18T20:10:20","guid":{"rendered":"http:\/\/bartnomade.fr\/?p=347"},"modified":"2021-05-10T00:48:32","modified_gmt":"2021-05-09T22:48:32","slug":"article-dans-la-depeche-du-gers-valence-sur-baise-journee-aquarelle-a-flaran","status":"publish","type":"post","link":"https:\/\/bartnomade.fr\/index.php\/2020\/09\/18\/article-dans-la-depeche-du-gers-valence-sur-baise-journee-aquarelle-a-flaran\/","title":{"rendered":"Article dans la d\u00e9p\u00eache du Gers : Valence-sur-Ba\u00efse : journ\u00e9e aquarelle \u00e0 Flaran"},"content":{"rendered":"\n<p><\/p>\n\n\n\n<ul class=\"wp-block-list\"><li><img decoding=\"async\" src=\"https:\/\/images.ladepeche.fr\/api\/v1\/images\/view\/5f6183d58fe56f34b84dc33c\/large\/image.jpg?v=1\" alt=\"Cette 3e session s\u2019est tenue au port.\">Cette 3e session s\u2019est tenue au port.&nbsp;Photo DDM, Daniel Da Silva.<\/li><\/ul>\n\n\n\n<p><a href=\"https:\/\/www.ladepeche.fr\/culture-et-loisirs\/ateliers\/\">Ateliers<\/a>,&nbsp;&nbsp;<a href=\"https:\/\/www.ladepeche.fr\/communes\/gers,32\/\">Gers<\/a>,&nbsp;&nbsp;<a href=\"https:\/\/www.ladepeche.fr\/communes\/valence-sur-baise,32459\/\">Valence-sur-Ba\u00efse<\/a>,&nbsp;&nbsp;<a href=\"https:\/\/www.ladepeche.fr\/culture-et-loisirs\/animations\/\">Animations<\/a>Publi\u00e9 le&nbsp;16\/09\/2020 \u00e0 05:10&nbsp;, mis \u00e0 jour&nbsp;\u00e0 11:14<\/p>\n\n\n\n<p>Un beau dimanche cr\u00e9atif a \u00e9t\u00e9 propos\u00e9 le week-end dernier en compagnie du B\u2019art Nomade. Entre l\u2019abbaye et le sentier de la Ba\u00efse qui m\u00e8ne jusqu\u2019au port de Valence, trois ateliers d\u2019aquarelles \u00e9taient organis\u00e9s dans la journ\u00e9e gr\u00e2ce \u00e0 un B\u2019art Nomade mobile et Amandine, animatrice plasticienne. B\u2019art Nomade a propos\u00e9 une exp\u00e9rience de peinture dans l\u2019instant, de captation de l\u2019\u00e9nergie du lieu, car il y a des param\u00e8tres \u00e0 l\u2019ext\u00e9rieur que l\u2019on ne rencontre pas dans un atelier classique.<\/p>\n\n\n\n<p>L\u2019aquarelle en compagnie du B\u2019art Nomade. Le v\u00e9lo triporteur et sa conception \u00e9cologique illustrent une volont\u00e9 de sobri\u00e9t\u00e9 et de simplicit\u00e9 d\u2019acc\u00e8s \u00e0 la cr\u00e9ation artistique, autant par les moyens mat\u00e9riels que par le dispositif. Un atelier de peintre peut tenir sur un v\u00e9lo.<\/p>\n\n\n\n<p>Cet atelier mobile avait pour vocation de permettre l\u2019\u00e9change, le partage et de faciliter la rencontre entre les personnes de tout \u00e2ge, de toute culture et l\u2019art. Essai r\u00e9ussi gr\u00e2ce \u00e0 la collaboration de l\u2019abbaye de Flaran, repr\u00e9sent\u00e9e par Anne Manceau, et la Cav\u00e9a par son pr\u00e9sident Jean-Pierre Puyal.<\/p>\n","protected":false},"excerpt":{"rendered":"<p>Cette 3e session s\u2019est tenue au port.&nbsp;Photo DDM, Daniel Da Silva. Ateliers,&nbsp;&nbsp;Gers,&nbsp;&nbsp;Valence-sur-Ba\u00efse,&nbsp;&nbsp;AnimationsPubli\u00e9 le&nbsp;16\/09\/2020 \u00e0 05:10&nbsp;, mis \u00e0 jour&nbsp;\u00e0 11:14 Un beau dimanche cr\u00e9atif a \u00e9t\u00e9 propos\u00e9 le week-end dernier en compagnie du B\u2019art Nomade. Entre l\u2019abbaye et le sentier de la Ba\u00efse qui m\u00e8ne jusqu\u2019au port de Valence, trois ateliers d\u2019aquarelles \u00e9taient organis\u00e9s dans la &hellip; <\/p>\n<p class=\"link-more\"><a href=\"https:\/\/bartnomade.fr\/index.php\/2020\/09\/18\/article-dans-la-depeche-du-gers-valence-sur-baise-journee-aquarelle-a-flaran\/\" class=\"more-link\">Continuer la lecture<span class=\"screen-reader-text\"> de &laquo;&nbsp;Article dans la d\u00e9p\u00eache du Gers : Valence-sur-Ba\u00efse : journ\u00e9e aquarelle \u00e0 Flaran&nbsp;&raquo;<\/span><\/a><\/p>\n","protected":false},"author":1,"featured_media":0,"comment_status":"open","ping_status":"open","sticky":false,"template":"","format":"standard","meta":{"spay_email":"","footnotes":""},"categories":[34,1],"tags":[],"class_list":["post-347","post","type-post","status-publish","format-standard","hentry","category-actualistes","category-non-classe"],"jetpack_featured_media_url":"","_links":{"self":[{"href":"https:\/\/bartnomade.fr\/index.php\/wp-json\/wp\/v2\/posts\/347","targetHints":{"allow":["GET"]}}],"collection":[{"href":"https:\/\/bartnomade.fr\/index.php\/wp-json\/wp\/v2\/posts"}],"about":[{"href":"https:\/\/bartnomade.fr\/index.php\/wp-json\/wp\/v2\/types\/post"}],"author":[{"embeddable":true,"href":"https:\/\/bartnomade.fr\/index.php\/wp-json\/wp\/v2\/users\/1"}],"replies":[{"embeddable":true,"href":"https:\/\/bartnomade.fr\/index.php\/wp-json\/wp\/v2\/comments?post=347"}],"version-history":[{"count":1,"href":"https:\/\/bartnomade.fr\/index.php\/wp-json\/wp\/v2\/posts\/347\/revisions"}],"predecessor-version":[{"id":348,"href":"https:\/\/bartnomade.fr\/index.php\/wp-json\/wp\/v2\/posts\/347\/revisions\/348"}],"wp:attachment":[{"href":"https:\/\/bartnomade.fr\/index.php\/wp-json\/wp\/v2\/media?parent=347"}],"wp:term":[{"taxonomy":"category","embeddable":true,"href":"https:\/\/bartnomade.fr\/index.php\/wp-json\/wp\/v2\/categories?post=347"},{"taxonomy":"post_tag","embeddable":true,"href":"https:\/\/bartnomade.fr\/index.php\/wp-json\/wp\/v2\/tags?post=347"}],"curies":[{"name":"wp","href":"https:\/\/api.w.org\/{rel}","templated":true}]}}